{"id":9980,"date":"2023-05-19T09:15:11","date_gmt":"2023-05-19T07:15:11","guid":{"rendered":"https:\/\/www.semantha.de\/?p=9980"},"modified":"2023-05-19T09:31:31","modified_gmt":"2023-05-19T07:31:31","slug":"esg-verantwortungsvolle-unternehmensfuehrung-und-kuenstliche-intelligenz","status":"publish","type":"post","link":"https:\/\/www.semantha.de\/de\/esg-verantwortungsvolle-unternehmensfuehrung-und-kuenstliche-intelligenz\/","title":{"rendered":"ESG, verantwortungsvolle Unternehmensf\u00fchrung und K\u00fcnstliche Intelligenz"},"content":{"rendered":"\n<p>\u00dcberall liest und h\u00f6rt man von ESG. Aber was steckt eigentlich hinter dem Akronym f\u00fcr Environment, Social und Governance? Dar\u00fcber m\u00f6chten wir Sie in diesem Beitrag informieren und insbesondere folgende Fragen beantworten:&nbsp;<\/p>\n\n\n\n<ul>\n<li>Was verbirgt sich hinter ESG?<\/li>\n\n\n\n<li>Welcher Sinn und Zweck wird mit ESG im Unternehmenskontext verfolgt?<\/li>\n\n\n\n<li>Welche Berichtsstandards gibt es?<\/li>\n\n\n\n<li>Mit welchen Herausforderungen werden Unternehmen durch diese Entwicklungen konfrontiert?<\/li>\n\n\n\n<li>Wie kann semantha Sie bei der Erstellung und \u00dcberpr\u00fcfung Ihres Reportings unterst\u00fctzen?<\/li>\n<\/ul>\n\n\n\n<h2 class=\"wp-block-heading\" id=\"h-was-verbirgt-sich-hinter-esg\"><strong>Was verbirgt sich hinter ESG?<\/strong><\/h2>\n\n\n\n<p>Die Staats- und Regierungschefs dieser Welt haben sich im Rahmen der UN-Generalversammlung 2015 auf globale Ziele f\u00fcr eine nachhaltige Entwicklung geeinigt[1]. Dabei richtet sich die sog. Agenda 2030 nicht nur an die Vereinigten Staaten, sondern appelliert auch an die Wirtschaft und Gesellschaft, zu einer nachhaltigen Entwicklung beizutragen. Aus diesem Grund treiben weltweit Gesetzgeber regulatorische Vorhaben voran, um Unternehmen in die Pflicht zu nehmen, soziale und \u00f6kologische Verantwortung zu \u00fcbernehmen.&nbsp;<\/p>\n\n\n\n<h2 class=\"wp-block-heading\" id=\"h-welcher-sinn-und-zweck-wird-mit-esg-im-unternehmenskontext-verfolgt\"><strong>Welcher Sinn und Zweck wird mit ESG im Unternehmenskontext verfolgt?<\/strong><\/h2>\n\n\n\n<p>Unternehmen sollen in den Bereichen Umwelt, Soziales und Unternehmenssteuerung nach dem Prinzip handeln, einerseits einen Beitrag zu mehr Nachhaltigkeit zu leisten und zum anderen resilient gegen\u00fcber \u00e4u\u00dferen Einfl\u00fcssen zu sein[2]. Angesichts andauernder geopolitischer Konflikte, steigender Rohstoffpreise, Ressourcenverknappung, Fachkr\u00e4ftemangel und vielen anderen Herausforderungen mehr, ist dies kein leichtes Unterfangen. Um \u00fcberpr\u00fcfen und abgleichen zu k\u00f6nnen, wie gut ein Unternehmen in den ESG-Bereichen abschneidet, sind Unternehmen angehalten, \u00fcber ihre Nachhaltigkeitst\u00e4tigkeiten zu berichten. Inhaltlich geht es bei den drei Bereichen um das Folgende:&nbsp;<\/p>\n\n\n\n<h3 class=\"wp-block-heading\" id=\"h-umweltkriterien-environmental\">Umweltkriterien (Environmental)<\/h3>\n\n\n\n<p>Die Umweltkriterien beziehen sich auf Auswirkungen von Gesch\u00e4ftsaktivit\u00e4ten auf unsere Umwelt. Dazu geh\u00f6ren Faktoren wie zum Beispiel Emissionen, Energie- und Ressourcenverbrauch, Abfall- und Wassermanagement sowie die generelle Einhaltung von Umweltstandards.<\/p>\n\n\n\n<h3 class=\"wp-block-heading\" id=\"h-soziales-social\">Soziales (Social)<\/h3>\n\n\n\n<p>Im Bereich Soziales werden Faktoren wie Arbeitsbedingungen, Menschenrechte, Chancengleichheit, Vielfalt und Inklusion ber\u00fccksichtigt. Dadurch wird der Umgang eines Unternehmens mit Mitarbeitern, Kunden, Lieferanten und der Gesellschaft im Allgemeinen bewertet.<\/p>\n\n\n\n<h3 class=\"wp-block-heading\" id=\"h-unternehmensfuhrung-governance\">Unternehmensf\u00fchrung (Governance)&nbsp;<\/h3>\n\n\n\n<p>Die Unternehmensf\u00fchrung bezieht sich auf die \u201eF\u00fchrung und Lenkung\u201c eines Unternehmens. Dazu geh\u00f6ren unter anderem Themen wie die Verg\u00fctung von F\u00fchrungskr\u00e4ften und die Besetzung der F\u00fchrungsriege nach Geschlechtern.&nbsp;<\/p>\n\n\n\n<h2 class=\"wp-block-heading\" id=\"h-welche-berichtsstandards-gibt-es\"><strong>Welche Berichtsstandards gibt es?<\/strong><\/h2>\n\n\n\n<p>Eine Orientierung f\u00fcr den Aufbau und den Inhalt der Nachhaltigkeitserkl\u00e4rung geben internationale Standards. Die GRI (Global Reporting Initiative) gilt als weltweit meist genutztes Rahmenwerk[3]. Daneben sind die SASB (Sustainability Accounting Standards Board) und die ISO (International Standard Organisation) weit verbreitet[3]. Das Vereinigte K\u00f6nigreich hat mit den Sustainability Disclosure Requirements (SDRs) ein eigenes Rahmenwerk erlassen, wonach Unternehmen unter bestimmten Voraussetzungen \u00fcber ihr Nachhaltigkeitsengagement berichten m\u00fcssen. Auch in den USA ist man aktiv: So entwickelt die US-B\u00f6rsenaufsicht SEC Regeln zur Berichterstattung[4]. Die Europ\u00e4ische Union wird ebenfalls eigene Berichtsstandards einf\u00fchren, n\u00e4mlich die sog. \u201eEuropean Sustainability Reporting Standards\u201d kurz \u201cESRS\u201d. Den ersten Satz der Entw\u00fcrfe f\u00fcr die ESRS hat die EFRAG am 22.11.2022 der Europ\u00e4ischen Kommission vorgelegt[5]. Voraussichtlich im August 2023 werden die Standards als delegierte Rechtsakte erlassen. In dem Bereich \u201eEnvironment\u201d enthalten sind die Standards E-ESRS E1 \u201eClimate Change\u201d, E-ESRS E2 \u201cPollution\u201d, E-ESRS E3 \u201eWater\/Marine Ressources\u201d, E-ESRS E4 \u201eBiodiversity\/Ecosystems\u201d und E-ESRS E5 \u201eCircular Economy\u201d. Dem Bereich \u201eSocial\u201d unterfallen die Standards E-ESRS S1 \u201eOwn Workforce\u201d, E-ESRS S2 \u201eWorkers in the Value Chain\u201d, E-ESRS S3 \u201eAffected Communities\u201d und E-ESRS S4 \u201eConsumers and end-users\u201d. Der Standard f\u00fcr den Bereich \u201cGovernance\u201d sieht E-ESRS G1 \u201eBusiness Conduct\u201d und G2 (Gesch\u00e4ftsverhalten) vor. Zudem gibt es sogenannte Querschnittsstandards, n\u00e4mlich die E-ESRS 1 \u201eGeneral Requirements\u201d und die E-ESRS 2 \u201cGeneral Disclosures\u201d.<\/p>\n\n\n\n<h2 class=\"wp-block-heading\" id=\"h-mit-welchen-herausforderungen-werden-unternehmen-durch-diese-entwicklungen-konfrontiert\"><strong>Mit welchen Herausforderungen werden Unternehmen durch diese Entwicklungen konfrontiert?<\/strong><\/h2>\n\n\n\n<p>Welchen Standards man auch immer folgt, man steht immer vor der gleichen Herausforderung: die passenden Informationen aus der Masse herauszufinden. F\u00fcr quantitative Informationen gibt es bereits technische L\u00f6sungen. In Bezug auf qualitative Informationen war die Suche nach gew\u00fcnschten Informationen bislang \u00e4u\u00dferst m\u00fchsam und zeitraubend. Denn qualitative Informationen finden sich h\u00e4ufig in Form nat\u00fcrlicher Sprache, verteilt in verschiedenen Dokumenten. Dabei kann die Information auf unterschiedliche Weise formuliert und auch in verschiedenen Sprachen ausgedr\u00fcckt werden. Es geh\u00f6rt zu den t\u00e4glichen Herausforderungen, in dieser Masse bestimmte Inhalte zu finden. Zwar geschieht dies in der Regel computergest\u00fctzt. Dennoch kann die T\u00e4tigkeit enorm zeitaufwendig und fehleranf\u00e4llig sein. Man denke nur daran, wie oft man per \u201cSTRG F\u201d nach einem Schlagwort sucht, um eine bestimmte Information ausfindig zu machen, und wie oft dieser Vorgang scheitert, weil der gew\u00e4hlte Begriff nicht im Text vorkommt. Noch dazu sind Informationen zu einem Thema meist unterschiedlich formuliert. Da f\u00fcr die Nachhaltigkeitsberichterstattung sowohl quantitative als auch qualitative Informationen verarbeitet werden m\u00fcssen, ist die administrative Belastung, berichtsrelevante Inhalte zu finden, sehr hoch.<\/p>\n\n\n\n<h2 class=\"wp-block-heading\" id=\"h-wie-kann-semantha-sie-bei-der-erstellung-und-uberprufung-ihres-reportings-unterstutzen\"><strong>Wie kann semantha Sie bei der Erstellung und \u00dcberpr\u00fcfung Ihres Reportings unterst\u00fctzen?<\/strong><\/h2>\n\n\n\n<p>Mit Hilfe von semantha k\u00f6nnen Sie eine semantische Analyse unstrukturierter Textdateien vornehmen und so den gew\u00fcnschten Inhalt aus einer Masse an Dokumenten unabh\u00e4ngig von der konkreten Wortwahl finden. Dank Smart Cluster k\u00f6nnen Sie Dokumente nach Themen kategorisieren und auf diese Weise Dokumente leichter auswerten. semantha hilft Ihnen au\u00dferdem dabei, zu \u00fcberpr\u00fcfen, ob in Ihrem Reporting alle relevanten Themen enthalten sind und identifiziert Berichtsl\u00fccken. Damit sparen Sie nicht nur Zeit und Ressourcen. Sie verringern auch das Risiko einer unrichtigen oder unvollst\u00e4ndigen Berichterstattung und die dadurch drohenden Sanktionen und Reputationssch\u00e4den. <a href=\"https:\/\/www.semantha.de\/de\/esg\/\">Mehr Anwendungsbeispiele von semantha, die Ihnen das ESG-Reporting erleichtern, finden Sie hier.<\/a><\/p>\n\n\n\n<hr class=\"wp-block-separator has-alpha-channel-opacity\"\/>\n\n\n\n<h2 class=\"wp-block-heading\"><small>References<\/small><\/h2>\n\n\n\n<ol>\n<li><a href=\"https:\/\/www.un.org\/depts\/german\/gv-70\/band1\/ar70001.pdf\" target=\"_blank\" rel=\"noreferrer noopener nofollow\">Vereinten Nationen: Resolution der Generalversammlung vom 25.09.2015<\/a><\/li>\n\n\n\n<li>Needham et al: Nachhaltigkeitsberichterstattung mittelst\u00e4ndischer Unternehmen &#8211; L\u00fccken in der freiwilligen Berichtspraxis zu den Vorgaben der E-ESRS, BC 2022, 466 ff.&nbsp;<\/li>\n\n\n\n<li>Heichl et al.: Status Quo vs. CSRD &#8211; Welchen Herausforderungen m\u00fcssen sich Unternehmen k\u00fcnftig stellen? IRZ 2022, 523, 526.&nbsp;<\/li>\n\n\n\n<li><a href=\"https:\/\/www.sec.gov\/news\/press-release\/2022-46\" target=\"_blank\" rel=\"noreferrer noopener nofollow\">Pressemitteilung der US Securities &amp; Exchange Commission \u201cSEC Proposes Rules to Enhance and Standardize Climate-Related Disclosures for Investors<\/a><\/li>\n\n\n\n<li><a href=\"https:\/\/www.efrag.org\/Assets\/Download?assetUrl=\/sites\/webpublishing\/SiteAssets\/final_EFRAG+Draft+Press+Release+.pdf\" target=\"_blank\" rel=\"noreferrer noopener nofollow\">Pressemitteilung der European Financial Reporting Advisory Group vom 23.11.2022: \u201cEFRAG delivers the first set of draft ESRS to the European Commission\u201d<\/a><\/li>\n<\/ol>\n","protected":false},"excerpt":{"rendered":"<p>\u00dcberall liest und h\u00f6rt man von ESG. Aber was steckt eigentlich hinter dem Akronym f\u00fcr Environment, Social und Governance? Dar\u00fcber m\u00f6chten wir Sie in diesem Beitrag informieren und insbesondere folgende Fragen beantworten:&nbsp; Was verbirgt sich hinter ESG? Die Staats- und Regierungschefs dieser Welt haben sich im Rahmen der UN-Generalversammlung 2015 auf globale Ziele f\u00fcr eine [&hellip;]<\/p>\n","protected":false},"author":51,"featured_media":9999,"comment_status":"closed","ping_status":"closed","sticky":false,"template":"","format":"standard","meta":{"_acf_changed":false,"footnotes":""},"categories":[2],"tags":[675,677,678,679],"acf":[],"yoast_head":"<!-- This site is optimized with the Yoast SEO Premium plugin v22.7 (Yoast SEO v23.5) - https:\/\/yoast.com\/wordpress\/plugins\/seo\/ -->\n<title>ESG, verantwortungsvolle Unternehmensf\u00fchrung und K\u00fcnstliche Intelligenz - semantha<\/title>\n<meta name=\"robots\" content=\"index, follow, max-snippet:-1, max-image-preview:large, max-video-preview:-1\" \/>\n<link rel=\"canonical\" href=\"https:\/\/www.semantha.de\/de\/esg-verantwortungsvolle-unternehmensfuehrung-und-kuenstliche-intelligenz\/\" \/>\n<meta property=\"og:locale\" content=\"de_DE\" \/>\n<meta property=\"og:type\" content=\"article\" \/>\n<meta property=\"og:title\" content=\"ESG, verantwortungsvolle Unternehmensf\u00fchrung und K\u00fcnstliche Intelligenz\" \/>\n<meta property=\"og:description\" content=\"\u00dcberall liest und h\u00f6rt man von ESG. Aber was steckt eigentlich hinter dem Akronym f\u00fcr Environment, Social und Governance? Dar\u00fcber m\u00f6chten wir Sie in diesem Beitrag informieren und insbesondere folgende Fragen beantworten:&nbsp; Was verbirgt sich hinter ESG? Die Staats- und Regierungschefs dieser Welt haben sich im Rahmen der UN-Generalversammlung 2015 auf globale Ziele f\u00fcr eine [&hellip;]\" \/>\n<meta property=\"og:url\" content=\"https:\/\/www.semantha.de\/de\/esg-verantwortungsvolle-unternehmensfuehrung-und-kuenstliche-intelligenz\/\" \/>\n<meta property=\"og:site_name\" content=\"semantha\" \/>\n<meta property=\"article:published_time\" content=\"2023-05-19T07:15:11+00:00\" \/>\n<meta property=\"article:modified_time\" content=\"2023-05-19T07:31:31+00:00\" \/>\n<meta property=\"og:image\" content=\"https:\/\/www.semantha.de\/wp-content\/uploads\/ESG-Responsible-Governance-and-Artificial-Intelligence2.png\" \/>\n\t<meta property=\"og:image:width\" content=\"2000\" \/>\n\t<meta property=\"og:image:height\" content=\"1048\" \/>\n\t<meta property=\"og:image:type\" content=\"image\/png\" \/>\n<meta name=\"author\" content=\"Alexandra Stojek\" \/>\n<meta name=\"twitter:card\" content=\"summary_large_image\" \/>\n<meta name=\"twitter:creator\" content=\"@semanthaAI\" \/>\n<meta name=\"twitter:site\" content=\"@semanthaAI\" \/>\n<meta name=\"twitter:label1\" content=\"Verfasst von\" \/>\n\t<meta name=\"twitter:data1\" content=\"Alexandra Stojek\" \/>\n\t<meta name=\"twitter:label2\" content=\"Gesch\u00e4tzte Lesezeit\" \/>\n\t<meta name=\"twitter:data2\" content=\"6\u00a0Minuten\" \/>\n<!-- \/ Yoast SEO Premium plugin. -->","yoast_head_json":{"title":"ESG, verantwortungsvolle Unternehmensf\u00fchrung und K\u00fcnstliche Intelligenz - semantha","robots":{"index":"index","follow":"follow","max-snippet":"max-snippet:-1","max-image-preview":"max-image-preview:large","max-video-preview":"max-video-preview:-1"},"canonical":"https:\/\/www.semantha.de\/de\/esg-verantwortungsvolle-unternehmensfuehrung-und-kuenstliche-intelligenz\/","og_locale":"de_DE","og_type":"article","og_title":"ESG, verantwortungsvolle Unternehmensf\u00fchrung und K\u00fcnstliche Intelligenz","og_description":"\u00dcberall liest und h\u00f6rt man von ESG. Aber was steckt eigentlich hinter dem Akronym f\u00fcr Environment, Social und Governance? Dar\u00fcber m\u00f6chten wir Sie in diesem Beitrag informieren und insbesondere folgende Fragen beantworten:&nbsp; Was verbirgt sich hinter ESG? Die Staats- und Regierungschefs dieser Welt haben sich im Rahmen der UN-Generalversammlung 2015 auf globale Ziele f\u00fcr eine [&hellip;]","og_url":"https:\/\/www.semantha.de\/de\/esg-verantwortungsvolle-unternehmensfuehrung-und-kuenstliche-intelligenz\/","og_site_name":"semantha","article_published_time":"2023-05-19T07:15:11+00:00","article_modified_time":"2023-05-19T07:31:31+00:00","og_image":[{"width":2000,"height":1048,"url":"https:\/\/www.semantha.de\/wp-content\/uploads\/ESG-Responsible-Governance-and-Artificial-Intelligence2.png","type":"image\/png"}],"author":"Alexandra Stojek","twitter_card":"summary_large_image","twitter_creator":"@semanthaAI","twitter_site":"@semanthaAI","twitter_misc":{"Verfasst von":"Alexandra Stojek","Gesch\u00e4tzte Lesezeit":"6\u00a0Minuten"},"schema":{"@context":"https:\/\/schema.org","@graph":[{"@type":"WebPage","@id":"https:\/\/www.semantha.de\/de\/esg-verantwortungsvolle-unternehmensfuehrung-und-kuenstliche-intelligenz\/","url":"https:\/\/www.semantha.de\/de\/esg-verantwortungsvolle-unternehmensfuehrung-und-kuenstliche-intelligenz\/","name":"ESG, verantwortungsvolle Unternehmensf\u00fchrung und K\u00fcnstliche Intelligenz - semantha","isPartOf":{"@id":"https:\/\/www.semantha.de\/de\/#website"},"primaryImageOfPage":{"@id":"https:\/\/www.semantha.de\/de\/esg-verantwortungsvolle-unternehmensfuehrung-und-kuenstliche-intelligenz\/#primaryimage"},"image":{"@id":"https:\/\/www.semantha.de\/de\/esg-verantwortungsvolle-unternehmensfuehrung-und-kuenstliche-intelligenz\/#primaryimage"},"thumbnailUrl":"https:\/\/www.semantha.de\/wp-content\/uploads\/ESG-Responsible-Governance-and-Artificial-Intelligence2.png","datePublished":"2023-05-19T07:15:11+00:00","dateModified":"2023-05-19T07:31:31+00:00","author":{"@id":"https:\/\/www.semantha.de\/de\/#\/schema\/person\/36b671c1211483ddbe42d7a79b6b8cde"},"breadcrumb":{"@id":"https:\/\/www.semantha.de\/de\/esg-verantwortungsvolle-unternehmensfuehrung-und-kuenstliche-intelligenz\/#breadcrumb"},"inLanguage":"de","potentialAction":[{"@type":"ReadAction","target":["https:\/\/www.semantha.de\/de\/esg-verantwortungsvolle-unternehmensfuehrung-und-kuenstliche-intelligenz\/"]}]},{"@type":"ImageObject","inLanguage":"de","@id":"https:\/\/www.semantha.de\/de\/esg-verantwortungsvolle-unternehmensfuehrung-und-kuenstliche-intelligenz\/#primaryimage","url":"https:\/\/www.semantha.de\/wp-content\/uploads\/ESG-Responsible-Governance-and-Artificial-Intelligence2.png","contentUrl":"https:\/\/www.semantha.de\/wp-content\/uploads\/ESG-Responsible-Governance-and-Artificial-Intelligence2.png","width":2000,"height":1048},{"@type":"BreadcrumbList","@id":"https:\/\/www.semantha.de\/de\/esg-verantwortungsvolle-unternehmensfuehrung-und-kuenstliche-intelligenz\/#breadcrumb","itemListElement":[{"@type":"ListItem","position":1,"name":"Startseite","item":"https:\/\/www.semantha.de\/de\/"},{"@type":"ListItem","position":2,"name":"ESG, verantwortungsvolle Unternehmensf\u00fchrung und K\u00fcnstliche Intelligenz"}]},{"@type":"WebSite","@id":"https:\/\/www.semantha.de\/de\/#website","url":"https:\/\/www.semantha.de\/de\/","name":"semantha","description":"the semantic platform","potentialAction":[{"@type":"SearchAction","target":{"@type":"EntryPoint","urlTemplate":"https:\/\/www.semantha.de\/de\/?s={search_term_string}"},"query-input":{"@type":"PropertyValueSpecification","valueRequired":true,"valueName":"search_term_string"}}],"inLanguage":"de"},{"@type":"Person","@id":"https:\/\/www.semantha.de\/de\/#\/schema\/person\/36b671c1211483ddbe42d7a79b6b8cde","name":"Alexandra Stojek","image":{"@type":"ImageObject","inLanguage":"de","@id":"https:\/\/www.semantha.de\/de\/#\/schema\/person\/image\/","url":"https:\/\/secure.gravatar.com\/avatar\/5cbcbd576ee804aebe954d5d45bb240a?s=96&d=mm&r=g","contentUrl":"https:\/\/secure.gravatar.com\/avatar\/5cbcbd576ee804aebe954d5d45bb240a?s=96&d=mm&r=g","caption":"Alexandra Stojek"},"url":"https:\/\/www.semantha.de\/de\/author\/alexandra-stojek\/"}]}},"_links":{"self":[{"href":"https:\/\/www.semantha.de\/de\/wp-json\/wp\/v2\/posts\/9980"}],"collection":[{"href":"https:\/\/www.semantha.de\/de\/wp-json\/wp\/v2\/posts"}],"about":[{"href":"https:\/\/www.semantha.de\/de\/wp-json\/wp\/v2\/types\/post"}],"author":[{"embeddable":true,"href":"https:\/\/www.semantha.de\/de\/wp-json\/wp\/v2\/users\/51"}],"replies":[{"embeddable":true,"href":"https:\/\/www.semantha.de\/de\/wp-json\/wp\/v2\/comments?post=9980"}],"version-history":[{"count":2,"href":"https:\/\/www.semantha.de\/de\/wp-json\/wp\/v2\/posts\/9980\/revisions"}],"predecessor-version":[{"id":9983,"href":"https:\/\/www.semantha.de\/de\/wp-json\/wp\/v2\/posts\/9980\/revisions\/9983"}],"wp:featuredmedia":[{"embeddable":true,"href":"https:\/\/www.semantha.de\/de\/wp-json\/wp\/v2\/media\/9999"}],"wp:attachment":[{"href":"https:\/\/www.semantha.de\/de\/wp-json\/wp\/v2\/media?parent=9980"}],"wp:term":[{"taxonomy":"category","embeddable":true,"href":"https:\/\/www.semantha.de\/de\/wp-json\/wp\/v2\/categories?post=9980"},{"taxonomy":"post_tag","embeddable":true,"href":"https:\/\/www.semantha.de\/de\/wp-json\/wp\/v2\/tags?post=9980"}],"curies":[{"name":"wp","href":"https:\/\/api.w.org\/{rel}","templated":true}]}}